{"id":1424,"date":"2020-10-24T08:30:00","date_gmt":"2020-10-24T06:30:00","guid":{"rendered":"http:\/\/marylinebellec.fr\/?p=1424"},"modified":"2020-11-15T10:50:48","modified_gmt":"2020-11-15T09:50:48","slug":"lou-integrale-saison-1","status":"publish","type":"post","link":"https:\/\/marylinebellec.fr\/?p=1424","title":{"rendered":"Lou ! Int\u00e9grale saison 1"},"content":{"rendered":"\n<p>Qui ne connait pas Lou, la g\u00e9niale BD de Julien Neel ?<br>Le premier tome est sorti en 2004 et a tout de suite \u00e9t\u00e9 adopt\u00e9 par les enfants, filles mais aussi gar\u00e7ons. Aujourd&rsquo;hui, 14 ans plus tard, Lou a grandit \u00e0 travers les 8 tomes qui constituent cette saison 1.<br><br>Alors si vous voulez faire un joli cadeau, vous pouvez opter pour cette compil des 8 tomes soit 1,3 kg de bonheur, de couleurs de quotidien, 450 pages avec des in\u00e9dits et de l&rsquo;amour.<\/p>\n\n\n\n<figure class=\"wp-block-image size-large\"><img loading=\"lazy\" width=\"768\" height=\"1024\" src=\"https:\/\/marylinebellec.fr\/wp-content\/uploads\/2020\/10\/0-768x1024.jpg\" alt=\"\" class=\"wp-image-1428\" srcset=\"https:\/\/marylinebellec.fr\/wp-content\/uploads\/2020\/10\/0-768x1024.jpg 768w, https:\/\/marylinebellec.fr\/wp-content\/uploads\/2020\/10\/0-225x300.jpg 225w, https:\/\/marylinebellec.fr\/wp-content\/uploads\/2020\/10\/0-1152x1536.jpg 1152w, https:\/\/marylinebellec.fr\/wp-content\/uploads\/2020\/10\/0-600x800.jpg 600w, https:\/\/marylinebellec.fr\/wp-content\/uploads\/2020\/10\/0.jpg 1512w\" sizes=\"(max-width: 768px) 100vw, 768px\" \/><\/figure>\n\n\n\n<figure class=\"wp-block-embed-youtube aligncenter wp-block-embed is-type-video is-provider-youtube wp-embed-aspect-16-9 wp-has-aspect-ratio\"><div class=\"wp-block-embed__wrapper\">\n<iframe loading=\"lazy\" title=\"Interview de Julien Neel,  &quot;Lou, la m\u00e8re, le chat&quot; (Gl\u00e9nat)\" width=\"640\" height=\"360\" src=\"https:\/\/www.youtube.com\/embed\/GdwhNuucbaQ?feature=oembed\" frameborder=\"0\" allow=\"accelerometer; autoplay; clipboard-write; encrypted-media; gyroscope; picture-in-picture\" allowfullscreen><\/iframe>\n<\/div><\/figure>\n\n\n\n<p><\/p>\n\n\n\n<p><\/p>\n\n\n\n<p class=\"has-text-align-left\">Le prochain tome de Lou ; Lou-Sonata , introduction de la saison 2 parait tr\u00e8s bient\u00f4t le 12 novembre 2020, on en reparle tr\u00e8s vite !<\/p>\n\n\n\n<div class=\"wp-block-image\"><figure class=\"aligncenter size-large\"><img loading=\"lazy\" width=\"400\" height=\"554\" src=\"https:\/\/marylinebellec.fr\/wp-content\/uploads\/2020\/10\/Lou-Sonata.jpg\" alt=\"\" class=\"wp-image-1427\" srcset=\"https:\/\/marylinebellec.fr\/wp-content\/uploads\/2020\/10\/Lou-Sonata.jpg 400w, https:\/\/marylinebellec.fr\/wp-content\/uploads\/2020\/10\/Lou-Sonata-217x300.jpg 217w\" sizes=\"(max-width: 400px) 100vw, 400px\" \/><\/figure><\/div>\n\n\n\n<p>Ils sont \u00e9dit\u00e9s chez <a href=\"https:\/\/www.glenat.com\/tcho\/lou-lintegrale-saison-1-9782344034538#block-views-liseuse-block\">Gl\u00e9nat<\/a><\/p>\n","protected":false},"excerpt":{"rendered":"<p>Qui ne connait pas Lou, la g\u00e9niale BD de Julien Neel ?Le premier tome est sorti en 2004 et a tout de suite \u00e9t\u00e9 adopt\u00e9 par les enfants, filles mais aussi gar\u00e7ons. Aujourd&rsquo;hui, 14 ans plus tard, Lou a grandit \u00e0 travers les 8 tomes qui constituent cette saison 1. Alors si vous voulez faire [&hellip;]<\/p>\n","protected":false},"author":1,"featured_media":1428,"comment_status":"open","ping_status":"open","sticky":false,"template":"","format":"standard","meta":[],"categories":[38],"tags":[6,39,14],"_links":{"self":[{"href":"https:\/\/marylinebellec.fr\/index.php?rest_route=\/wp\/v2\/posts\/1424"}],"collection":[{"href":"https:\/\/marylinebellec.fr\/index.php?rest_route=\/wp\/v2\/posts"}],"about":[{"href":"https:\/\/marylinebellec.fr\/index.php?rest_route=\/wp\/v2\/types\/post"}],"author":[{"embeddable":true,"href":"https:\/\/marylinebellec.fr\/index.php?rest_route=\/wp\/v2\/users\/1"}],"replies":[{"embeddable":true,"href":"https:\/\/marylinebellec.fr\/index.php?rest_route=%2Fwp%2Fv2%2Fcomments&post=1424"}],"version-history":[{"count":8,"href":"https:\/\/marylinebellec.fr\/index.php?rest_route=\/wp\/v2\/posts\/1424\/revisions"}],"predecessor-version":[{"id":1434,"href":"https:\/\/marylinebellec.fr\/index.php?rest_route=\/wp\/v2\/posts\/1424\/revisions\/1434"}],"wp:featuredmedia":[{"embeddable":true,"href":"https:\/\/marylinebellec.fr\/index.php?rest_route=\/wp\/v2\/media\/1428"}],"wp:attachment":[{"href":"https:\/\/marylinebellec.fr\/index.php?rest_route=%2Fwp%2Fv2%2Fmedia&parent=1424"}],"wp:term":[{"taxonomy":"category","embeddable":true,"href":"https:\/\/marylinebellec.fr\/index.php?rest_route=%2Fwp%2Fv2%2Fcategories&post=1424"},{"taxonomy":"post_tag","embeddable":true,"href":"https:\/\/marylinebellec.fr\/index.php?rest_route=%2Fwp%2Fv2%2Ftags&post=1424"}],"curies":[{"name":"wp","href":"https:\/\/api.w.org\/{rel}","templated":true}]}}